{"id":2303,"date":"2023-11-04T14:21:53","date_gmt":"2023-11-04T13:21:53","guid":{"rendered":"https:\/\/hisaizrocila.si\/?p=2303"},"modified":"2023-11-04T14:21:54","modified_gmt":"2023-11-04T13:21:54","slug":"ewa-1-kongres-zgodnjih-plovil-vila-do-conde-portugalska-26-29-10-2023","status":"publish","type":"post","link":"https:\/\/hisaizrocila.si\/sl\/ewa-1-kongres-zgodnjih-plovil-vila-do-conde-portugalska-26-29-10-2023\/","title":{"rendered":"EWA &#8211; 1. kongres zgodnjih plovil &#8211; Vila do Conde, Portugalska, 26. &#8211; 29. 10. 2023"},"content":{"rendered":"<blockquote class=\"wp-block-quote\">\n<figure class=\"wp-block-image size-large\"><a href=\"https:\/\/hisaizrocila.si\/wp-content\/uploads\/EWA-0-poster-scaled.jpg\"><img decoding=\"async\" loading=\"lazy\" width=\"676\" height=\"1024\" src=\"https:\/\/hisaizrocila.si\/wp-content\/uploads\/EWA-0-poster-676x1024.jpg\" alt=\"\" class=\"wp-image-2314\" srcset=\"https:\/\/hisaizrocila.si\/wp-content\/uploads\/EWA-0-poster-676x1024.jpg 676w, https:\/\/hisaizrocila.si\/wp-content\/uploads\/EWA-0-poster-198x300.jpg 198w, https:\/\/hisaizrocila.si\/wp-content\/uploads\/EWA-0-poster-768x1163.jpg 768w, https:\/\/hisaizrocila.si\/wp-content\/uploads\/EWA-0-poster-1014x1536.jpg 1014w, https:\/\/hisaizrocila.si\/wp-content\/uploads\/EWA-0-poster-1352x2048.jpg 1352w, https:\/\/hisaizrocila.si\/wp-content\/uploads\/EWA-0-poster-131x198.jpg 131w, https:\/\/hisaizrocila.si\/wp-content\/uploads\/EWA-0-poster-380x575.jpg 380w, https:\/\/hisaizrocila.si\/wp-content\/uploads\/EWA-0-poster-377x571.jpg 377w, https:\/\/hisaizrocila.si\/wp-content\/uploads\/EWA-0-poster-scaled.jpg 1690w\" sizes=\"(max-width: 676px) 100vw, 676px\" \/><\/a><\/figure>\n<\/blockquote>\n<figure class=\"wp-block-image size-large\"><a href=\"https:\/\/hisaizrocila.si\/wp-content\/uploads\/Predstavitev-Ljoba_1-stran-scaled.jpg\"><img decoding=\"async\" loading=\"lazy\" width=\"1024\" height=\"576\" src=\"https:\/\/hisaizrocila.si\/wp-content\/uploads\/Predstavitev-Ljoba_1-stran-1024x576.jpg\" alt=\"\" class=\"wp-image-2304\" srcset=\"https:\/\/hisaizrocila.si\/wp-content\/uploads\/Predstavitev-Ljoba_1-stran-1024x576.jpg 1024w, https:\/\/hisaizrocila.si\/wp-content\/uploads\/Predstavitev-Ljoba_1-stran-300x169.jpg 300w, https:\/\/hisaizrocila.si\/wp-content\/uploads\/Predstavitev-Ljoba_1-stran-768x432.jpg 768w, https:\/\/hisaizrocila.si\/wp-content\/uploads\/Predstavitev-Ljoba_1-stran-1536x864.jpg 1536w, https:\/\/hisaizrocila.si\/wp-content\/uploads\/Predstavitev-Ljoba_1-stran-2048x1152.jpg 2048w, https:\/\/hisaizrocila.si\/wp-content\/uploads\/Predstavitev-Ljoba_1-stran-330x186.jpg 330w, https:\/\/hisaizrocila.si\/wp-content\/uploads\/Predstavitev-Ljoba_1-stran-380x214.jpg 380w, https:\/\/hisaizrocila.si\/wp-content\/uploads\/Predstavitev-Ljoba_1-stran-377x212.jpg 377w\" sizes=\"(max-width: 1024px) 100vw, 1024px\" \/><\/a><figcaption class=\"wp-element-caption\">28. oktobra 2023 predstavitev Slovenije &#8211; Ljoba Jen\u010de: Drev\u00e1k, nesnovna kulturna dedi\u0161\u010dina kot zakladnica znanj zavarovanega obmo\u010dja Notranjski park na Cerkni\u0161kem jezeru in pore\u010dju Ljubljanice. <\/figcaption><\/figure>\n<figure class=\"wp-block-image size-large\"><a href=\"https:\/\/hisaizrocila.si\/wp-content\/uploads\/DSC_4250-scaled.jpg\"><img decoding=\"async\" loading=\"lazy\" width=\"1024\" height=\"680\" src=\"https:\/\/hisaizrocila.si\/wp-content\/uploads\/DSC_4250-1024x680.jpg\" alt=\"\" class=\"wp-image-2306\" srcset=\"https:\/\/hisaizrocila.si\/wp-content\/uploads\/DSC_4250-1024x680.jpg 1024w, https:\/\/hisaizrocila.si\/wp-content\/uploads\/DSC_4250-300x199.jpg 300w, https:\/\/hisaizrocila.si\/wp-content\/uploads\/DSC_4250-768x510.jpg 768w, https:\/\/hisaizrocila.si\/wp-content\/uploads\/DSC_4250-1536x1020.jpg 1536w, https:\/\/hisaizrocila.si\/wp-content\/uploads\/DSC_4250-2048x1360.jpg 2048w, https:\/\/hisaizrocila.si\/wp-content\/uploads\/DSC_4250-298x198.jpg 298w, https:\/\/hisaizrocila.si\/wp-content\/uploads\/DSC_4250-380x252.jpg 380w, https:\/\/hisaizrocila.si\/wp-content\/uploads\/DSC_4250-377x250.jpg 377w\" sizes=\"(max-width: 1024px) 100vw, 1024px\" \/><\/a><figcaption class=\"wp-element-caption\">Prvi kongres je bil posve\u010den spominu na delovanje podvodnega arheologa Mirana Eri\u010da (1959  2023), ki je prvi dal pobudo za ustanovitev EWA iniciative in za prvi kongres, ga tudi za\u010del, vendar \u017eal, letos od\u0161el s svojim \u010dolnom du\u0161e na drugi svet. Vsi smo se ga spo\u0161tljivo in hvale\u017eno spomnili v svojih prispevkih. Fotografija je z druge regate starodobnih plovil deblakov, Attersee, Avstrija, 2016.<\/figcaption><\/figure>\n<figure class=\"wp-block-image size-large\"><a href=\"https:\/\/hisaizrocila.si\/wp-content\/uploads\/EWA-2-otvoritev-Miran-scaled.jpg\"><img decoding=\"async\" loading=\"lazy\" width=\"1024\" height=\"461\" src=\"https:\/\/hisaizrocila.si\/wp-content\/uploads\/EWA-2-otvoritev-Miran-1024x461.jpg\" alt=\"\" class=\"wp-image-2310\" srcset=\"https:\/\/hisaizrocila.si\/wp-content\/uploads\/EWA-2-otvoritev-Miran-1024x461.jpg 1024w, https:\/\/hisaizrocila.si\/wp-content\/uploads\/EWA-2-otvoritev-Miran-300x135.jpg 300w, https:\/\/hisaizrocila.si\/wp-content\/uploads\/EWA-2-otvoritev-Miran-768x346.jpg 768w, https:\/\/hisaizrocila.si\/wp-content\/uploads\/EWA-2-otvoritev-Miran-1536x691.jpg 1536w, https:\/\/hisaizrocila.si\/wp-content\/uploads\/EWA-2-otvoritev-Miran-2048x922.jpg 2048w, https:\/\/hisaizrocila.si\/wp-content\/uploads\/EWA-2-otvoritev-Miran-330x149.jpg 330w, https:\/\/hisaizrocila.si\/wp-content\/uploads\/EWA-2-otvoritev-Miran-380x171.jpg 380w, https:\/\/hisaizrocila.si\/wp-content\/uploads\/EWA-2-otvoritev-Miran-377x170.jpg 377w\" sizes=\"(max-width: 1024px) 100vw, 1024px\" \/><\/a><figcaption class=\"wp-element-caption\">Poklon partnerki Mirana Eri\u010da Nu\u0161i  in h\u010derama Izi in Zali <br \/>s cvetjem.<\/figcaption><\/figure>\n<figure class=\"wp-block-image size-full\"><a href=\"https:\/\/hisaizrocila.si\/wp-content\/uploads\/EWA-177A-Ljoba-Jence-Drevak.jpg\"><img decoding=\"async\" loading=\"lazy\" width=\"689\" height=\"918\" src=\"https:\/\/hisaizrocila.si\/wp-content\/uploads\/EWA-177A-Ljoba-Jence-Drevak.jpg\" alt=\"\" class=\"wp-image-2316\" srcset=\"https:\/\/hisaizrocila.si\/wp-content\/uploads\/EWA-177A-Ljoba-Jence-Drevak.jpg 689w, https:\/\/hisaizrocila.si\/wp-content\/uploads\/EWA-177A-Ljoba-Jence-Drevak-225x300.jpg 225w, https:\/\/hisaizrocila.si\/wp-content\/uploads\/EWA-177A-Ljoba-Jence-Drevak-149x198.jpg 149w, https:\/\/hisaizrocila.si\/wp-content\/uploads\/EWA-177A-Ljoba-Jence-Drevak-380x506.jpg 380w, https:\/\/hisaizrocila.si\/wp-content\/uploads\/EWA-177A-Ljoba-Jence-Drevak-377x502.jpg 377w\" sizes=\"(max-width: 689px) 100vw, 689px\" \/><\/a><figcaption class=\"wp-element-caption\">Povezana dva drevaka za prevoz nevestine bale iz vasi Otok v Dolenje Jezero, 1905. Predstavitev prispevka: Ljoba Jen\u010de. <br \/>Arhiv_ HI. <\/figcaption><\/figure>\n","protected":false},"excerpt":{"rendered":"","protected":false},"author":1,"featured_media":0,"comment_status":"closed","ping_status":"open","sticky":false,"template":"","format":"quote","meta":[],"categories":[27],"tags":[],"_links":{"self":[{"href":"https:\/\/hisaizrocila.si\/sl\/wp-json\/wp\/v2\/posts\/2303"}],"collection":[{"href":"https:\/\/hisaizrocila.si\/sl\/wp-json\/wp\/v2\/posts"}],"about":[{"href":"https:\/\/hisaizrocila.si\/sl\/wp-json\/wp\/v2\/types\/post"}],"author":[{"embeddable":true,"href":"https:\/\/hisaizrocila.si\/sl\/wp-json\/wp\/v2\/users\/1"}],"replies":[{"embeddable":true,"href":"https:\/\/hisaizrocila.si\/sl\/wp-json\/wp\/v2\/comments?post=2303"}],"version-history":[{"count":1,"href":"https:\/\/hisaizrocila.si\/sl\/wp-json\/wp\/v2\/posts\/2303\/revisions"}],"predecessor-version":[{"id":2318,"href":"https:\/\/hisaizrocila.si\/sl\/wp-json\/wp\/v2\/posts\/2303\/revisions\/2318"}],"wp:attachment":[{"href":"https:\/\/hisaizrocila.si\/sl\/wp-json\/wp\/v2\/media?parent=2303"}],"wp:term":[{"taxonomy":"category","embeddable":true,"href":"https:\/\/hisaizrocila.si\/sl\/wp-json\/wp\/v2\/categories?post=2303"},{"taxonomy":"post_tag","embeddable":true,"href":"https:\/\/hisaizrocila.si\/sl\/wp-json\/wp\/v2\/tags?post=2303"}],"curies":[{"name":"wp","href":"https:\/\/api.w.org\/{rel}","templated":true}]}}