{"id":2334,"date":"2023-11-23T12:35:39","date_gmt":"2023-11-23T11:35:39","guid":{"rendered":"https:\/\/hisaizrocila.si\/?p=2334"},"modified":"2023-11-23T12:35:48","modified_gmt":"2023-11-23T11:35:48","slug":"plesi-plesi-crni-kos-delavnica-notranjskega-ljudskega-izrocila-9-in-22-11-2023-hisa-izrocila","status":"publish","type":"post","link":"https:\/\/hisaizrocila.si\/sl\/plesi-plesi-crni-kos-delavnica-notranjskega-ljudskega-izrocila-9-in-22-11-2023-hisa-izrocila\/","title":{"rendered":"Ple\u0161i, ple\u0161i \u010drni kos &#8211; delavnica notranjskega ljudskega izro\u010dila &#8211; 9. in 22. 11. 2023 Hi\u0161a izro\u010dila"},"content":{"rendered":"<blockquote class=\"wp-block-quote\">\n<figure class=\"is-layout-flex wp-block-gallery-1 wp-block-gallery has-nested-images columns-default is-cropped\">\n<figure class=\"wp-block-image size-large\"><a href=\"https:\/\/hisaizrocila.si\/wp-content\/uploads\/plesi_plesi_crni_kos_vabilo_tisk-2_Stran_2-scaled.jpg\"><img decoding=\"async\" loading=\"lazy\" width=\"746\" height=\"1024\" src=\"https:\/\/hisaizrocila.si\/wp-content\/uploads\/plesi_plesi_crni_kos_vabilo_tisk-2_Stran_2-746x1024.jpg\" alt=\"\" class=\"wp-image-2335\" srcset=\"https:\/\/hisaizrocila.si\/wp-content\/uploads\/plesi_plesi_crni_kos_vabilo_tisk-2_Stran_2-746x1024.jpg 746w, https:\/\/hisaizrocila.si\/wp-content\/uploads\/plesi_plesi_crni_kos_vabilo_tisk-2_Stran_2-218x300.jpg 218w, https:\/\/hisaizrocila.si\/wp-content\/uploads\/plesi_plesi_crni_kos_vabilo_tisk-2_Stran_2-768x1055.jpg 768w, https:\/\/hisaizrocila.si\/wp-content\/uploads\/plesi_plesi_crni_kos_vabilo_tisk-2_Stran_2-1119x1536.jpg 1119w, https:\/\/hisaizrocila.si\/wp-content\/uploads\/plesi_plesi_crni_kos_vabilo_tisk-2_Stran_2-1492x2048.jpg 1492w, https:\/\/hisaizrocila.si\/wp-content\/uploads\/plesi_plesi_crni_kos_vabilo_tisk-2_Stran_2-144x198.jpg 144w, https:\/\/hisaizrocila.si\/wp-content\/uploads\/plesi_plesi_crni_kos_vabilo_tisk-2_Stran_2-380x522.jpg 380w, https:\/\/hisaizrocila.si\/wp-content\/uploads\/plesi_plesi_crni_kos_vabilo_tisk-2_Stran_2-377x518.jpg 377w, https:\/\/hisaizrocila.si\/wp-content\/uploads\/plesi_plesi_crni_kos_vabilo_tisk-2_Stran_2-scaled.jpg 1864w\" sizes=\"(max-width: 746px) 100vw, 746px\" \/><\/a><figcaption class=\"wp-element-caption\">razpis JSKD CERKNICA <\/figcaption><\/figure>\n<\/figure>\n<\/blockquote>\n","protected":false},"excerpt":{"rendered":"","protected":false},"author":1,"featured_media":0,"comment_status":"closed","ping_status":"open","sticky":false,"template":"","format":"quote","meta":[],"categories":[27],"tags":[],"_links":{"self":[{"href":"https:\/\/hisaizrocila.si\/sl\/wp-json\/wp\/v2\/posts\/2334"}],"collection":[{"href":"https:\/\/hisaizrocila.si\/sl\/wp-json\/wp\/v2\/posts"}],"about":[{"href":"https:\/\/hisaizrocila.si\/sl\/wp-json\/wp\/v2\/types\/post"}],"author":[{"embeddable":true,"href":"https:\/\/hisaizrocila.si\/sl\/wp-json\/wp\/v2\/users\/1"}],"replies":[{"embeddable":true,"href":"https:\/\/hisaizrocila.si\/sl\/wp-json\/wp\/v2\/comments?post=2334"}],"version-history":[{"count":1,"href":"https:\/\/hisaizrocila.si\/sl\/wp-json\/wp\/v2\/posts\/2334\/revisions"}],"predecessor-version":[{"id":2337,"href":"https:\/\/hisaizrocila.si\/sl\/wp-json\/wp\/v2\/posts\/2334\/revisions\/2337"}],"wp:attachment":[{"href":"https:\/\/hisaizrocila.si\/sl\/wp-json\/wp\/v2\/media?parent=2334"}],"wp:term":[{"taxonomy":"category","embeddable":true,"href":"https:\/\/hisaizrocila.si\/sl\/wp-json\/wp\/v2\/categories?post=2334"},{"taxonomy":"post_tag","embeddable":true,"href":"https:\/\/hisaizrocila.si\/sl\/wp-json\/wp\/v2\/tags?post=2334"}],"curies":[{"name":"wp","href":"https:\/\/api.w.org\/{rel}","templated":true}]}}