{"id":2378,"date":"2024-03-13T08:10:00","date_gmt":"2024-03-13T07:10:00","guid":{"rendered":"https:\/\/hisaizrocila.si\/?p=2378"},"modified":"2024-03-13T08:10:01","modified_gmt":"2024-03-13T07:10:01","slug":"velikonocni-vrt-pravljica-z-likovno-delavnico-23-3-2024-od-10h-do-11-30","status":"publish","type":"post","link":"https:\/\/hisaizrocila.si\/sl\/velikonocni-vrt-pravljica-z-likovno-delavnico-23-3-2024-od-10h-do-11-30\/","title":{"rendered":"Velikono\u010dni vrt &#8211; pravljica z likovno delavnico &#8211; 23. 3. 2024 od 10h do 11.30"},"content":{"rendered":"<blockquote class=\"wp-block-quote\">\n<figure class=\"is-layout-flex wp-block-gallery-1 wp-block-gallery has-nested-images columns-default is-cropped\">\n<figure class=\"wp-block-image size-large\"><a href=\"https:\/\/hisaizrocila.si\/wp-content\/uploads\/Pravljica_fb_23.3_-002.jpg\"><img decoding=\"async\" loading=\"lazy\" width=\"1024\" height=\"591\" src=\"https:\/\/hisaizrocila.si\/wp-content\/uploads\/Pravljica_fb_23.3_-002-1024x591.jpg\" alt=\"\" class=\"wp-image-2379\" srcset=\"https:\/\/hisaizrocila.si\/wp-content\/uploads\/Pravljica_fb_23.3_-002-1024x591.jpg 1024w, https:\/\/hisaizrocila.si\/wp-content\/uploads\/Pravljica_fb_23.3_-002-300x173.jpg 300w, https:\/\/hisaizrocila.si\/wp-content\/uploads\/Pravljica_fb_23.3_-002-768x443.jpg 768w, https:\/\/hisaizrocila.si\/wp-content\/uploads\/Pravljica_fb_23.3_-002-330x191.jpg 330w, https:\/\/hisaizrocila.si\/wp-content\/uploads\/Pravljica_fb_23.3_-002-380x219.jpg 380w, https:\/\/hisaizrocila.si\/wp-content\/uploads\/Pravljica_fb_23.3_-002-377x218.jpg 377w, https:\/\/hisaizrocila.si\/wp-content\/uploads\/Pravljica_fb_23.3_-002.jpg 1143w\" sizes=\"(max-width: 1024px) 100vw, 1024px\" \/><\/a><\/figure>\n<\/figure>\n<\/blockquote>\n<p>Pravljica z likovno delavnico omogo\u010da otrokom do\u017eivetje predprazni\u010dnega vzdu\u0161ja in prebujajo\u010de pomladi.<br \/>De\u010dek Luka namre\u010d skrbi za svoj vrt, v katerem imajo posebno mesto narcise, ki naj bi o velikono\u010dnih praznikih zacvetele. Letos pa imajo kar zaprte glavice in ob bli\u017eajo\u010dih praznikih de\u010dka skrbi, kako naj re\u0161i cvetlice, da bi odprle cvetove. Ob vrtu \u017eivi veliko malih in ve\u010djih \u017eivalic, med katerimi je njegov najve\u010dji prijatelj zajec. Zajec pride k de\u010dku in mu svetuje, kako naj ravna, da bi cvetovi med prazniki zasijali.<\/p>\n<p>Po pravljici bomo z otroki ustvarjali s poslikavo lon\u010dkov za jaj\u010dka.<br \/>Starej\u0161e otroke lahko star\u0161i pustijo med dogodkom same pri nas, \u010de so tako navajeni. Mlaj\u0161im lahko pomagajo pri ustvarjanju.<\/p>\n<p>Zaradi prostorske omejitve lahko sprejmemo najve\u010d 20 otrok.<\/p>\n<p>Prosimo za predhodne prijave na: info@hisaizrocila.si <br \/>Prisr\u010dno povabljeni!<\/p>\n","protected":false},"excerpt":{"rendered":"<p>Pravljica z likovno delavnico omogo\u010da otrokom do\u017eivetje predprazni\u010dnega vzdu\u0161ja in prebujajo\u010de pomladi.De\u010dek Luka namre\u010d skrbi za svoj vrt, v katerem imajo posebno mesto narcise, ki naj bi o velikono\u010dnih praznikih &#8230;<\/p>\n","protected":false},"author":1,"featured_media":0,"comment_status":"closed","ping_status":"open","sticky":false,"template":"","format":"quote","meta":[],"categories":[27],"tags":[],"_links":{"self":[{"href":"https:\/\/hisaizrocila.si\/sl\/wp-json\/wp\/v2\/posts\/2378"}],"collection":[{"href":"https:\/\/hisaizrocila.si\/sl\/wp-json\/wp\/v2\/posts"}],"about":[{"href":"https:\/\/hisaizrocila.si\/sl\/wp-json\/wp\/v2\/types\/post"}],"author":[{"embeddable":true,"href":"https:\/\/hisaizrocila.si\/sl\/wp-json\/wp\/v2\/users\/1"}],"replies":[{"embeddable":true,"href":"https:\/\/hisaizrocila.si\/sl\/wp-json\/wp\/v2\/comments?post=2378"}],"version-history":[{"count":1,"href":"https:\/\/hisaizrocila.si\/sl\/wp-json\/wp\/v2\/posts\/2378\/revisions"}],"predecessor-version":[{"id":2381,"href":"https:\/\/hisaizrocila.si\/sl\/wp-json\/wp\/v2\/posts\/2378\/revisions\/2381"}],"wp:attachment":[{"href":"https:\/\/hisaizrocila.si\/sl\/wp-json\/wp\/v2\/media?parent=2378"}],"wp:term":[{"taxonomy":"category","embeddable":true,"href":"https:\/\/hisaizrocila.si\/sl\/wp-json\/wp\/v2\/categories?post=2378"},{"taxonomy":"post_tag","embeddable":true,"href":"https:\/\/hisaizrocila.si\/sl\/wp-json\/wp\/v2\/tags?post=2378"}],"curies":[{"name":"wp","href":"https:\/\/api.w.org\/{rel}","templated":true}]}}