{"id":2400,"date":"2026-03-09T11:51:59","date_gmt":"2026-03-09T10:51:59","guid":{"rendered":"https:\/\/hisaizrocila.si\/?p=2400"},"modified":"2026-04-28T11:42:14","modified_gmt":"2026-04-28T09:42:14","slug":"notranjska-kdo-tvojo-pesem-poje","status":"publish","type":"post","link":"https:\/\/hisaizrocila.si\/sl\/notranjska-kdo-tvojo-pesem-poje\/","title":{"rendered":"NOTRANJSKA, kdo tvojo pesem poje?"},"content":{"rendered":"<blockquote class=\"wp-block-quote\">\n<figure class=\"wp-block-embed is-type-video is-provider-youtube wp-block-embed-youtube wp-embed-aspect-16-9 wp-has-aspect-ratio\">\n<div class=\"wp-block-embed__wrapper\">\n<iframe loading=\"lazy\" title=\"NOTRANJSKA, kdo tvojo pesem poje?  Dokumentarni posnetki ljudske glasbe v Etnomuzi GNI ZRC SAZU\" width=\"500\" height=\"281\" src=\"https:\/\/www.youtube.com\/embed\/MWLAErbZOXA?feature=oembed\" frameborder=\"0\" allow=\"accelerometer; autoplay; clipboard-write; encrypted-media; gyroscope; picture-in-picture; web-share\" referrerpolicy=\"strict-origin-when-cross-origin\" allowfullscreen><\/iframe>\n<\/div>\n<\/figure>\n<p><cite>Posnetek prireditve 12. marca 2026, ki je bila v Kulturnem domu Cerknica.<\/cite><\/p><\/blockquote>\n<figure class=\"wp-block-image size-full\"><a href=\"https:\/\/hisaizrocila.si\/wp-content\/uploads\/NOTRANJSKA-kdo-tvojo-pesem-poje_fb.png\"><img decoding=\"async\" loading=\"lazy\" width=\"793\" height=\"395\" src=\"https:\/\/hisaizrocila.si\/wp-content\/uploads\/NOTRANJSKA-kdo-tvojo-pesem-poje_fb.png\" alt=\"\" class=\"wp-image-2401\" srcset=\"https:\/\/hisaizrocila.si\/wp-content\/uploads\/NOTRANJSKA-kdo-tvojo-pesem-poje_fb.png 793w, https:\/\/hisaizrocila.si\/wp-content\/uploads\/NOTRANJSKA-kdo-tvojo-pesem-poje_fb-300x149.png 300w, https:\/\/hisaizrocila.si\/wp-content\/uploads\/NOTRANJSKA-kdo-tvojo-pesem-poje_fb-768x383.png 768w, https:\/\/hisaizrocila.si\/wp-content\/uploads\/NOTRANJSKA-kdo-tvojo-pesem-poje_fb-330x164.png 330w, https:\/\/hisaizrocila.si\/wp-content\/uploads\/NOTRANJSKA-kdo-tvojo-pesem-poje_fb-380x189.png 380w, https:\/\/hisaizrocila.si\/wp-content\/uploads\/NOTRANJSKA-kdo-tvojo-pesem-poje_fb-377x188.png 377w\" sizes=\"(max-width: 793px) 100vw, 793px\" \/><\/a><\/figure>\n<p>Notranjska ljudska glasbena dedi\u0161\u010dina na&nbsp;spletni platformi ETNOFON pri Zalo\u017ebi ZRC SAZU<\/p>\n<p>NOTRANJSKO \u2026 <em>je \u0161la meglica z jezera<\/em>\u2026<\/p>\n<p>Z dokumentarnimi posnetki ljudskega petja<\/p>\n<p>1957 \u2013 68 iz arhiva Glasbenonarodopisnega in\u0161tituta&nbsp; ZRC SAZU v Ljubljani,<\/p>\n<p>1988 \u2013 2007 iz arhiva Ljobe Jen\u010de ter<\/p>\n<p>2007 \u2013 rekonstrukcijami.<\/p>\n<p>Lepo vabljeni v \u010detrtek, 12. marca 2026 ob 19.uri v Kulturni dom Cerknica.<\/p>\n<p>Po dvajsetih letih zbirateljskega dela na podro\u010dju Notranjske \u2013 Cerkni\u0161ko polje, Meni\u0161ija, Vidovska planota, Bloke, Lo\u0161ka dolina in delno Un\u0161ko polje je leta 2008 avtorica Ljoba Jen\u010de ob podpori Ob\u010dine Cerknica izdala zgo\u0161\u010denko v samozalo\u017ebi, leta 2009 pa \u0161e pesmarico z istim naslovom ob podpori Ministrstva za kulturo, oboje ob strokovni podpori Glasbenonarodopisnega in\u0161tituta ZRC SAZU v Ljubljani in pod botrstvom Slovenske nacionalne komisije pri UNESCO.<\/p>\n<p>V letu 2026 se gradivo ume\u0161\u010da na spletno platformo ETNOFON pri Zalo\u017ebi ZRC SAZU, ki jo ureja Glasbenonarodopisni in\u0161titut. Tako bo gradivo dostopno po svetovnem spletu v namene izobra\u017eevanja in nekomercialne rabe v javno dobro.<\/p>\n<p>O spletni platformi, pomenu ljudske glasbene dedi\u0161\u010dine in nastajanju zbirke bodo spregoorili:<\/p>\n<p>dr. Mojca Kova\u010di\u010d, predstojnica GNI ZRC SAZU v Ljubljani <\/p>\n<p>dr. Marko Terseglav, upok. znanstveni sodelavec GNI ZRC SAZU v Ljubljani<\/p>\n<p>Ljoba Jen\u010de, avtorica zbirke, ki bo interkativni dogodek tudi vodila.<\/p>\n<\/p>\n<p>Plo\u0161\u010da predstavlja dokument neprecenljive vrednosti, \u0161e posebej, ker vklju\u010duje posnetke skupnega petja, ki so jih posneli znanstveni sodelavci Glasbenonarodopisnega in\u0161tituta v letih 1957 \u2013 68, ki je resni\u010dno \u017ee izginilo. Mlaj\u0161e, iz obdobja 1988 -2007 pa uga\u0161a z ljudmi, nosilci spomina, ki odhajajo. Na osnovi posnetkov bodo mladi rodovi ljudsko glasbeno izro\u010dilo lahko poprijeli in se vrnili k izvorni, spontani interpretaciji. Namen je ozavestiti prav mlade in izobra\u017eevalne ustanove doma in po svetu o lastnem izro\u010dilu, \u0161ir\u0161o javnost pa o delu kulture, ki ga sodobni tok nemalokrat ne upo\u0161teva, bodisi, ker ga ne pozna, bodisi ga namenoma spregleda, ker ne ceni starega kot kvalitete in navdiha, ali pa se mu namenoma izogne, saj slednje terja tudi preizpra\u0161evanje o odgovornosti do naravne in kulturne dedi\u0161\u010dine, ki sta \u017ee v znanstvenem delu polihistorja J. V. Valvasorja: Slava Vojvodine Kranjske (1689) prav z opisom delovanja Cerkni\u0161kega jezera izpostavljeni kot nelo\u010dljiva celota.&nbsp;<\/p>\n<p>V izboru posnetkov boste prepoznali ljudsko ustvarjalnost, spontano interpretacijo, izvirno govorico, hudomu\u0161nost, svetost, vrednote, vrline, spomin, obredje, \u017eivljenje prednikov, stik s to \u010dude\u017eno kra\u0161ko zemljo, naravo, \u010dutili boste spo\u0161tljivost, ki so jo k nam prenesli in nam jo izro\u010dili \u00bbta stari\u00ab.<\/p>\n<p>K pesmarici je dr. Marko Terseglav zapisal strokovno spremno besedo, k plo\u0161\u010di pa pripisal:<\/p>\n<p>\u00bbVsaka ljudska pesem izhaja iz o\u017eje skupnosti, iz lokalnega okolja. In le, \u010de poznamo tega, lahko za\u010dnemo sestavljati zlo\u017eenko o slovenski etni\u010dni podobi v univerzalnem svetu. Obratna pot se nikakor ne izide.\u00ab<\/p>\n<p>Ljoba Jen\u010de \u2013 20<\/p>\n<p>Iz zbirateljskega dela na Notranjskem je objavila doslej:<\/p>\n<p>1990 <strong>Ljudski pevci in godci z Notranjske<\/strong> v Ljubljanskih Kri\u017eankah na <strong>Drugi godbi<\/strong> \u2013 koncert in kaseta &#8211; pripravila in vodila koncert \u2013\u2013 producentka in avtorica besedila<\/p>\n<p>1995 <strong>Jezerci \u2013 Ljudske pesmi Cerkni\u0161kega polja<\/strong> \u2013 podpora Ministrstvo za kulturo, audio kaseta, samozalo\u017eba<\/p>\n<p>1990 \u2013 96 Radio Slovenija \u2013 <strong>Slovenska zemlja v pesmi in besedi<\/strong> \u2013 v uredni\u0161tvu za ljudsko glasbo pod vodstvom Jasne Vidakovi\u010d je pripravila&nbsp; ve\u010d oddaj o Notranjski<\/p>\n<ul>\n<li>\u017denitovanje na Notranjskem<\/li>\n<li>Petra\u010deva z Blok<\/li>\n<li>\u010carovni\u0161ka<\/li>\n<li>Med Jezerci na Cerkni\u0161kem jezeru I., II.<\/li>\n<\/ul>\n<p>Na TV SLOVENIJA \u2013<\/p>\n<p><strong>Slovenski magazin 3 od 1994 \u2013 2007<\/strong> \u2013 <strong>Od Ko\u017eljeka do Dolenje vasi ob Cerkni\u0161kem jezeru<\/strong><\/p>\n<p><strong>Iz roda v rod \u2013 1992<\/strong> &nbsp;&#8211; <strong>Ana Braniselj <em>Ka\u0161\u010dina<\/em><\/strong>: \u00bbMlad pastir\u010dek kravce pase\u00ab<\/p>\n<p><strong>Alpe Donava Jadran 2005 \u2013 Bratje Primo\u017ei\u010d <em>Brkinovi \u2013 Mi ho\u010dmo pa tukaj (ohcetna)<\/em><\/strong><\/p>\n<p>Seznam pesmi na zgo\u0161\u010denki:<\/p>\n<p>&#8211; ljubezenske&nbsp; Je \u0161la meglica z jezera,&nbsp;<\/p>\n<p>Dobro jutro ljubca moja<\/p>\n<p>Dober ve\u010der ti vo\u0161\u010dim<\/p>\n<p>Hladna jesen \u017ee prihaja<\/p>\n<p>Le dol se usedi, kaj bo\u0161 stal<\/p>\n<p>Sno\u010di sem na postli le\u017eal<\/p>\n<p>&#8211; voja\u0161ke&nbsp;&nbsp; &nbsp;&nbsp;&nbsp;&nbsp;&nbsp;&nbsp; Vse ro\u017ece po polju cvetejo<\/p>\n<p>&nbsp;&nbsp;&nbsp;&nbsp;&nbsp;&nbsp;&nbsp;&nbsp;&nbsp;&nbsp;&nbsp;&nbsp;&nbsp;&nbsp;&nbsp;&nbsp;&nbsp;&nbsp;&nbsp;&nbsp;&nbsp;&nbsp;&nbsp; Jaz pa pojdem na Trieste<\/p>\n<p>&nbsp;&nbsp;&nbsp;&nbsp;&nbsp;&nbsp;&nbsp;&nbsp;&nbsp;&nbsp;&nbsp;&nbsp;&nbsp;&nbsp;&nbsp;&nbsp;&nbsp;&nbsp;&nbsp;&nbsp;&nbsp;&nbsp;&nbsp; Fantje Gorjan\u010danje na vojsko gredo<\/p>\n<p>&#8211; stanovska&nbsp;&nbsp;&nbsp;&nbsp;&nbsp;&nbsp; Bom zapregu \u0161tir konj\u010dke<\/p>\n<p>&#8211; \u017eenitne&nbsp; &nbsp;&nbsp;&nbsp;&nbsp;&nbsp;&nbsp;&nbsp; Zbogom nevestica<\/p>\n<p>&nbsp;&nbsp;&nbsp;&nbsp;&nbsp;&nbsp;&nbsp;&nbsp;&nbsp;&nbsp;&nbsp;&nbsp;&nbsp;&nbsp;&nbsp;&nbsp;&nbsp;&nbsp;&nbsp;&nbsp;&nbsp;&nbsp;&nbsp; Dober ve\u010der, hi\u0161na mati<\/p>\n<p>&#8211; svete obredne Glejte, glejte kaj je tam, Trije kralji grejo k nam<\/p>\n<p>&nbsp;&nbsp;&nbsp;&nbsp;&nbsp;&nbsp;&nbsp;&nbsp;&nbsp;&nbsp;&nbsp;&nbsp;&nbsp;&nbsp;&nbsp;&nbsp;&nbsp;&nbsp;&nbsp;&nbsp;&nbsp;&nbsp;&nbsp; Smo sli\u0161ali pti\u010dice peti ( o Novem letu )<\/p>\n<p>&#8211; obhodniki&nbsp;&nbsp;&nbsp;&nbsp;&nbsp; Dobro jutro svet Endri, spodlazvat \u2026<\/p>\n<p>&nbsp;&nbsp;&nbsp;&nbsp;&nbsp;&nbsp;&nbsp;&nbsp;&nbsp;&nbsp;&nbsp;&nbsp;&nbsp;&nbsp;&nbsp;&nbsp;&nbsp;&nbsp;&nbsp;&nbsp;&nbsp;&nbsp;&nbsp; Veselite se, veselite se, tepe\u017ekat smo pr\u0161li\u2026<\/p>\n<p>&#8211; molitve &nbsp;&nbsp;&nbsp;&nbsp;&nbsp;&nbsp;&nbsp;&nbsp; Luba sveta Katarina<\/p>\n<p>&#8211; balade &nbsp;&nbsp;&nbsp;&nbsp;&nbsp;&nbsp;&nbsp;&nbsp;&nbsp;&nbsp; Pod kloj\u0161trom fanti\u010d je oral,<\/p>\n<p>Pa\u010d lep je mladi vrtnar bil<\/p>\n<p>&#8211; mrli\u0161ke &nbsp;&nbsp;&nbsp;&nbsp;&nbsp;&nbsp;&nbsp;&nbsp; Sno\u010d okoli enajste ure (varovanje mrli\u010da )<\/p>\n<p>&nbsp;&nbsp;&nbsp;&nbsp;&nbsp;&nbsp;&nbsp;&nbsp;&nbsp;&nbsp;&nbsp;&nbsp;&nbsp;&nbsp;&nbsp;&nbsp;&nbsp;&nbsp;&nbsp;&nbsp;&nbsp;&nbsp;&nbsp; Eno drevce mi je zraslo<\/p>\n<p>&#8211; legendarne&nbsp;&nbsp;&nbsp;&nbsp; Marija z Ogrskega gre<\/p>\n<p>&nbsp;&nbsp;&nbsp;&nbsp;&nbsp;&nbsp;&nbsp;&nbsp;&nbsp;&nbsp;&nbsp;&nbsp;&nbsp;&nbsp;&nbsp;&nbsp;&nbsp;&nbsp;&nbsp;&nbsp;&nbsp;&nbsp;&nbsp; Prjatu, jaz pra\u0161am te<\/p>\n<p>&nbsp;&nbsp;&nbsp;&nbsp;&nbsp;&nbsp;&nbsp;&nbsp;&nbsp;&nbsp;&nbsp;&nbsp;&nbsp;&nbsp;&nbsp;&nbsp;&nbsp;&nbsp;&nbsp;&nbsp;&nbsp;&nbsp;&nbsp; Stoji tam gora Limbarska<\/p>\n<p>&#8211; socialne &nbsp;&nbsp;&nbsp;&nbsp;&nbsp;&nbsp;&nbsp; Za vse je svet dovolj bogat \u2013 bera\u010deva pesem<\/p>\n<p>&nbsp;&nbsp;&nbsp;&nbsp;&nbsp;&nbsp;&nbsp;&nbsp;&nbsp;&nbsp;&nbsp;&nbsp;&nbsp;&nbsp;&nbsp;&nbsp;&nbsp;&nbsp;&nbsp;&nbsp;&nbsp;&nbsp;&nbsp; Preljubi&nbsp; ti moj Jur\u010dek<\/p>\n<p>&#8211; o navadah &nbsp;&nbsp;&nbsp;&nbsp; Ura dvei je \u017eie odbila<\/p>\n<p>&nbsp;&nbsp;&nbsp;&nbsp;&nbsp;&nbsp;&nbsp;&nbsp;&nbsp;&nbsp;&nbsp;&nbsp;&nbsp;&nbsp;&nbsp;&nbsp;&nbsp;&nbsp;&nbsp;&nbsp;&nbsp;&nbsp;&nbsp; Fantje vstante, vstante<\/p>\n<p>&#8211; o kraju &nbsp;&nbsp;&nbsp;&nbsp;&nbsp;&nbsp;&nbsp;&nbsp;&nbsp; Prav lepo mi poje sv.Vida zvon<\/p>\n<p>&nbsp;&nbsp;&nbsp;&nbsp;&nbsp;&nbsp;&nbsp;&nbsp;&nbsp;&nbsp;&nbsp;&nbsp;&nbsp;&nbsp;&nbsp;&nbsp;&nbsp;&nbsp;&nbsp;&nbsp;&nbsp;&nbsp;&nbsp; Nismo Posav\u010danje &nbsp;<\/p>\n<p>&#8211; \u0161aljive&nbsp; &#8211; o kraju, Cierkenca je lejpu mejstu,<\/p>\n<p>Ko takole premi\u0161ljujem \u2013kontrabantarski<\/p>\n<p>&nbsp;&nbsp; &#8211;&nbsp; zakonskem stanu Lan sem se o\u017eienu<\/p>\n<p>&#8211; pivske&nbsp; Bog je ustvaril zemljico<\/p>\n<p>&#8211; otro\u0161ke &nbsp;&nbsp;&nbsp;&nbsp;&nbsp;&nbsp;&nbsp;&nbsp; Florjan, Florjan<\/p>\n<p>&nbsp;&nbsp;&nbsp;&nbsp;&nbsp;&nbsp;&nbsp;&nbsp;&nbsp;&nbsp;&nbsp;&nbsp;&nbsp;&nbsp;&nbsp;&nbsp;&nbsp;&nbsp;&nbsp;&nbsp;&nbsp;&nbsp;&nbsp; Enci penci zakramenci<\/p>\n<p>&#8211; vi\u017ee plesne&nbsp; &nbsp;&nbsp; Ohcetna &#8211; harmonika<\/p>\n<p>&nbsp;&nbsp;&nbsp;&nbsp;&nbsp;&nbsp;&nbsp;&nbsp;&nbsp;&nbsp;&nbsp;&nbsp;&nbsp;&nbsp;&nbsp;&nbsp;&nbsp;&nbsp;&nbsp;&nbsp;&nbsp;&nbsp;&nbsp; Cote\u0161 \u2013 \u017evi\u017eganje parafraza Cigej migej moj te star<\/p>\n<p>&nbsp;&nbsp;&nbsp;&nbsp;&nbsp;&nbsp;&nbsp;&nbsp;&nbsp;&nbsp;&nbsp;&nbsp;&nbsp;&nbsp;&nbsp;&nbsp;&nbsp;&nbsp;&nbsp;&nbsp;&nbsp;&nbsp;&nbsp; Coti\u0161 \u2013 rekonstrukcija oprekelj, violina, kontrabas<\/p>\n<p>&nbsp;&nbsp;&nbsp;&nbsp;&nbsp;&nbsp;&nbsp;&nbsp;&nbsp;&nbsp;&nbsp;&nbsp;&nbsp;&nbsp;&nbsp;&nbsp;&nbsp;&nbsp;&nbsp;&nbsp;&nbsp;&nbsp;&nbsp; Zimov\u0161iht \u2013 orglice sedmorka<\/p>\n<p>&nbsp;&nbsp;&nbsp;&nbsp;&nbsp;&nbsp;&nbsp;&nbsp;&nbsp;&nbsp;&nbsp;&nbsp;&nbsp;&nbsp;&nbsp;&nbsp;&nbsp;&nbsp;&nbsp;&nbsp;&nbsp;&nbsp;&nbsp; Ne hodi za mano \u2013 harmonika<\/p>\n","protected":false},"excerpt":{"rendered":"<p>Notranjska ljudska glasbena dedi\u0161\u010dina na&nbsp;spletni platformi ETNOFON pri Zalo\u017ebi ZRC SAZU NOTRANJSKO \u2026 je \u0161la meglica z jezera\u2026 Z dokumentarnimi posnetki ljudskega petja 1957 \u2013 68 iz arhiva Glasbenonarodopisnega in\u0161tituta&nbsp; &#8230;<\/p>\n","protected":false},"author":1,"featured_media":0,"comment_status":"closed","ping_status":"open","sticky":false,"template":"","format":"quote","meta":[],"categories":[27],"tags":[],"_links":{"self":[{"href":"https:\/\/hisaizrocila.si\/sl\/wp-json\/wp\/v2\/posts\/2400"}],"collection":[{"href":"https:\/\/hisaizrocila.si\/sl\/wp-json\/wp\/v2\/posts"}],"about":[{"href":"https:\/\/hisaizrocila.si\/sl\/wp-json\/wp\/v2\/types\/post"}],"author":[{"embeddable":true,"href":"https:\/\/hisaizrocila.si\/sl\/wp-json\/wp\/v2\/users\/1"}],"replies":[{"embeddable":true,"href":"https:\/\/hisaizrocila.si\/sl\/wp-json\/wp\/v2\/comments?post=2400"}],"version-history":[{"count":2,"href":"https:\/\/hisaizrocila.si\/sl\/wp-json\/wp\/v2\/posts\/2400\/revisions"}],"predecessor-version":[{"id":2438,"href":"https:\/\/hisaizrocila.si\/sl\/wp-json\/wp\/v2\/posts\/2400\/revisions\/2438"}],"wp:attachment":[{"href":"https:\/\/hisaizrocila.si\/sl\/wp-json\/wp\/v2\/media?parent=2400"}],"wp:term":[{"taxonomy":"category","embeddable":true,"href":"https:\/\/hisaizrocila.si\/sl\/wp-json\/wp\/v2\/categories?post=2400"},{"taxonomy":"post_tag","embeddable":true,"href":"https:\/\/hisaizrocila.si\/sl\/wp-json\/wp\/v2\/tags?post=2400"}],"curies":[{"name":"wp","href":"https:\/\/api.w.org\/{rel}","templated":true}]}}